{"id":253651,"date":"2023-05-13T16:53:00","date_gmt":"2023-05-13T21:53:00","guid":{"rendered":"https:\/\/proyectosotonorte.com\/?p=253651"},"modified":"2025-12-18T11:11:07","modified_gmt":"2025-12-18T16:11:07","slug":"comunidades-y-empresa-siguen-construyendo-juntos-el-plan-de-inversion-social-del-proyecto-soto-norte","status":"publish","type":"post","link":"https:\/\/proyectosotonorte.com\/en\/comunidades-y-empresa-siguen-construyendo-juntos-el-plan-de-inversion-social-del-proyecto-soto-norte\/","title":{"rendered":"Communities and companies continue to build together the Social Investment Plan of the Soto Norte Project"},"content":{"rendered":"<p>[et_pb_section fb_built=\u00bb1&#8243; admin_label=\u00bbsection\u00bb _builder_version=\u00bb4.25.1&#8243; custom_padding=\u00bb0px||0px||false|false\u00bb global_colors_info=\u00bb{}\u00bb theme_builder_area=\u00bbpost_content\u00bb][et_pb_row admin_label=\u00bbrow\u00bb _builder_version=\u00bb4.27.5&#8243; background_size=\u00bbinitial\u00bb background_position=\u00bbtop_left\u00bb background_repeat=\u00bbrepeat\u00bb hover_enabled=\u00bb0&#8243; global_colors_info=\u00bb{}\u00bb theme_builder_area=\u00bbpost_content\u00bb width=\u00bb100%\u00bb sticky_enabled=\u00bb0&#8243;][et_pb_column type=\u00bb4_4&#8243; _builder_version=\u00bb4.16&#8243; custom_padding=\u00bb|||\u00bb global_colors_info=\u00bb{}\u00bb custom_padding__hover=\u00bb|||\u00bb theme_builder_area=\u00bbpost_content\u00bb][et_pb_text admin_label=\u00bbText\u00bb _builder_version=\u00bb4.22.1&#8243; text_text_color=\u00bb#000000&#8243; text_font_size=\u00bb16px\u00bb background_size=\u00bbinitial\u00bb background_position=\u00bbtop_left\u00bb background_repeat=\u00bbrepeat\u00bb text_font_size_tablet=\u00bb16px\u00bb text_font_size_phone=\u00bb15px\u00bb text_font_size_last_edited=\u00bbon|phone\u00bb global_colors_info=\u00bb{}\u00bb theme_builder_area=\u00bbpost_content\u00bb]<\/p>\n<p><b>Bucaramanga, 13 de mayo de 2023. <\/b><span style=\"font-weight: 400;\">Con una masiva participaci\u00f3n de habitantes, l\u00edderes y lideresas de California, Surat\u00e1 y Matanza (Santander), se cumpli\u00f3 el Segundo Encuentro Comunitario convocado por el Proyecto Soto Norte, cuyo objetivo es construir junto a los pobladores de la provincia, el Acuerdo Social Marco donde quede definida la inversi\u00f3n social de la compa\u00f1\u00eda para el a\u00f1o 2023.<\/span><\/p>\n<p><span style=\"font-weight: 400;\">Para esta reuni\u00f3n se plante\u00f3 como objetivo principal conformar las comisiones regionales y municipales que gestionar\u00e1n el desarrollo y seguimiento de ese gran Acuerdo Social, para que cada municipio pueda, con el apoyo del Proyecto Soto Norte, priorizar y hacer realidad esos proyectos que tanto se necesitan en la regi\u00f3n.<\/span><\/p>\n<p><span style=\"font-weight: 400;\">En ese sentido, la compa\u00f1\u00eda invit\u00f3 a todos asistentes a integrar cada uno de los grupos que responde a una l\u00ednea de inversi\u00f3n espec\u00edfica, para as\u00ed definir, el enfoque de cada proyecto de inversi\u00f3n, la estructura interna de la comisi\u00f3n, los mecanismos de trabajo y los roles de cada integrante. As\u00ed mismo, concertaron las principales acciones a desarrollar para cumplir con el objetivo y el cronograma de trabajo.<\/span><\/p>\n<p><span style=\"font-weight: 400;\">La primera jornada se cumpli\u00f3 el lunes 8 de mayo en California, con la conformaci\u00f3n de siete comisiones: Infraestructura vial, Infraestructura vital, Educaci\u00f3n, Salud y Bienestar, Econom\u00eda Propia, Fortalecimiento comunitario y Gesti\u00f3n de Proyectos.<\/span><\/p>\n<p><span style=\"font-weight: 400;\">Al d\u00eda siguiente, con m\u00e1s de 100 habitantes de Surat\u00e1, se cumpli\u00f3 la segunda jornada en este municipio, donde se conformaron las comisiones de Mejoramiento de v\u00edas \/ construcci\u00f3n de placa huellas, Estudios y dise\u00f1os sistema de conducci\u00f3n de agua, Mercado Campesino, Mejoramiento de escuelas rurales y Transporte escolar.<\/span><\/p>\n<p><span style=\"font-weight: 400;\">Siguiendo con la misma metodolog\u00eda, en Matanza se llev\u00f3 a cabo el encuentro el mi\u00e9rcoles 10 de mayo. En este municipio, se consolidaron cuatro comisiones: Mejoramiento vial, Transporte escolar, Mercado Campesino y Estudios y dise\u00f1os para Centro de Acopio.<\/span><\/p>\n<p><span style=\"font-weight: 400;\">Bajo esta iniciativa de construcci\u00f3n participativa, el Proyecto Soto Norte pretende que las l\u00edneas de inversi\u00f3n social generen realmente un beneficio colectivo. Aparte de las comisiones municipales, se tendr\u00e1n que conformar tres comisiones regionales.<\/span><\/p>\n<p><span style=\"font-weight: 400;\">Una es la comisi\u00f3n de Infraestructura que interviene en la planeaci\u00f3n y dise\u00f1o del proyecto insignia para la regi\u00f3n de Soto Norte: la conexi\u00f3n vial de la Provincia con Bucaramanga.<\/span><\/p>\n<p><span style=\"font-weight: 400;\">La segunda es la comisi\u00f3n de Relacionamiento y Gesti\u00f3n, la cual brinda soporte transversal a todas las comisiones definidas en el marco de los Acuerdos Sociales del Proyecto Soto Norte con todos los municipios del \u00e1rea de influencia. Esto, teniendo en cuenta que la ejecuci\u00f3n de cada uno de los planes necesitar\u00e1 gesti\u00f3n ante instancias gubernamentales y no gubernamentales, locales, departamentales y nacionales, as\u00ed como gesti\u00f3n de recursos necesarios para facilitar el desarrollo de proyectos clave en el territorio.<\/span><\/p>\n<p><span style=\"font-weight: 400;\">Finalmente, la tercera comisi\u00f3n regional es la de Innovaci\u00f3n y Competitividad, que ayudar\u00e1 a identificar y formular o soportar la formulaci\u00f3n de nuevos proyectos de desarrollo para la Provincia de Soto Norte.<\/span><\/p>\n<p><span style=\"font-weight: 400;\">\u201cHace un mes la comunidad tuvo la oportunidad de escoger las l\u00edneas de inversi\u00f3n y los proyectos. Con este segundo momento del proceso, buscamos que surja una visi\u00f3n compartida sobre lo que m\u00e1s le conviene al territorio, al municipio y a toda la comunidad. En este segundo encuentro contamos con nuevos participantes, pues demuestra el compromiso y la participaci\u00f3n activa de la gente de Soto Norte en las decisiones que tome la compa\u00f1\u00eda para la inversi\u00f3n social de este a\u00f1o\u201d, indic\u00f3 Yaneth Mantilla Bar\u00f3n, vicepresidenta de Asuntos Estrat\u00e9gicos.<\/span><\/p>\n<p><span style=\"font-weight: 400;\">Lizeth Dur\u00e1n Le\u00f3n, integrante del comit\u00e9 de Econom\u00eda Propia de Matanza, consider\u00f3 que \u201cha sido un ejercicio muy interesante y participativo porque se escuch\u00f3 a los ciudadanos. Tuvimos la oportunidad de trabajar en equipo para mirar c\u00f3mo podemos contribuir a la ejecuci\u00f3n de acciones para mitigar las diferentes necesidades que se est\u00e1n presentando en los territorios\u201d.<\/span><\/p>\n<p><span style=\"font-weight: 400;\">Cada comisi\u00f3n, que liderar\u00e1 una persona de la comunidad, tendr\u00e1 la responsabilidad de orientar y\/o acompa\u00f1ar el dise\u00f1o del proyecto, gestionar los permisos (ante autoridades y ante la comunidad) y dem\u00e1s acciones requeridas para habilitar o facilitar la ejecuci\u00f3n del mismo.<\/span><\/p>\n<p><span style=\"font-weight: 400;\">Es importante mencionar que entre sus funciones tambi\u00e9n est\u00e1 la de brindar acompa\u00f1amiento y supervisar la ejecuci\u00f3n del proyecto, mantener informada a la comunidad y gestionar recursos t\u00e9cnicos, financieros y humanos requeridos para asegurar la efectiva ejecuci\u00f3n del proyecto.<\/span><\/p>\n<p><span style=\"font-weight: 400;\">El Acuerdo Social Marco es uno de los resultados del \u201cDi\u00e1logo Social Soto Norte\u201d, un proceso liderado por el Proyecto Soto Norte y la Universidad EAN, en el que participaron m\u00e1s de 800 personas de la provincia, 100 l\u00edderes y lideresas, 69 Juntas de Acci\u00f3n Comunal, 71 veredas de los tres municipios.<\/span><\/p>\n<p>[\/et_pb_text][\/et_pb_column][\/et_pb_row][\/et_pb_section]<\/p>\n","protected":false},"excerpt":{"rendered":"<p>Bucaramanga, 13 de mayo de 2023. Con una masiva participaci\u00f3n de habitantes, l\u00edderes y lideresas de California, Surat\u00e1 y Matanza (Santander), se cumpli\u00f3 el Segundo Encuentro Comunitario convocado por el Proyecto Soto Norte, cuyo objetivo es construir junto a los pobladores de la provincia, el Acuerdo Social Marco donde quede definida la inversi\u00f3n social de [&hellip;]<\/p>\n","protected":false},"author":2,"featured_media":987513563,"comment_status":"closed","ping_status":"closed","sticky":false,"template":"","format":"standard","meta":{"_et_pb_use_builder":"on","_et_pb_old_content":"<!-- wp:paragraph -->\r\n<p><strong>Bucaramanga, 13 de mayo de 2023. <\/strong>Con una masiva participaci\u00f3n de habitantes, l\u00edderes y lideresas de California, Surat\u00e1 y Matanza (Santander), se cumpli\u00f3 el Segundo Encuentro Comunitario convocado por el Proyecto Soto Norte, cuyo objetivo es construir junto a los pobladores de la provincia, el Acuerdo Social Marco donde quede definida la inversi\u00f3n social de la compa\u00f1\u00eda para el a\u00f1o 2023.<\/p>\r\n<!-- \/wp:paragraph -->\r\n\r\n<!-- wp:paragraph -->\r\n<p><\/p>\r\n<!-- \/wp:paragraph -->\r\n\r\n<!-- wp:paragraph -->\r\n<p>Para esta reuni\u00f3n se plante\u00f3 como objetivo principal conformar las comisiones regionales y municipales que gestionar\u00e1n el desarrollo y seguimiento de ese gran Acuerdo Social, para que cada municipio pueda, con el apoyo del Proyecto Soto Norte, priorizar y hacer realidad esos proyectos que tanto se necesitan en la regi\u00f3n.<\/p>\r\n<!-- \/wp:paragraph -->\r\n\r\n<!-- wp:paragraph -->\r\n<p><\/p>\r\n<!-- \/wp:paragraph -->\r\n\r\n<!-- wp:paragraph -->\r\n<p>En ese sentido, la compa\u00f1\u00eda invit\u00f3 a todos asistentes a integrar cada uno de los grupos que responde a una l\u00ednea de inversi\u00f3n espec\u00edfica, para as\u00ed definir, el enfoque de cada proyecto de inversi\u00f3n, la estructura interna de la comisi\u00f3n, los mecanismos de trabajo y los roles de cada integrante. As\u00ed mismo, concertaron las principales acciones a desarrollar para cumplir con el objetivo y el cronograma de trabajo.<\/p>\r\n<!-- \/wp:paragraph -->\r\n\r\n<!-- wp:paragraph -->\r\n<p><\/p>\r\n<!-- \/wp:paragraph -->\r\n\r\n<!-- wp:paragraph -->\r\n<p>La primera jornada se cumpli\u00f3 el lunes 8 de mayo en California, con la conformaci\u00f3n de siete comisiones: Infraestructura vial, Infraestructura vital, Educaci\u00f3n, Salud y Bienestar, Econom\u00eda Propia, Fortalecimiento comunitario y Gesti\u00f3n de Proyectos.<\/p>\r\n<!-- \/wp:paragraph -->\r\n\r\n<!-- wp:paragraph -->\r\n<p><\/p>\r\n<!-- \/wp:paragraph -->\r\n\r\n<!-- wp:paragraph -->\r\n<p>Al d\u00eda siguiente, con m\u00e1s de 100 habitantes de Surat\u00e1, se cumpli\u00f3 la segunda jornada en este municipio, donde se conformaron las comisiones de Mejoramiento de v\u00edas \/ construcci\u00f3n de placa huellas, Estudios y dise\u00f1os sistema de conducci\u00f3n de agua, Mercado Campesino, Mejoramiento de escuelas rurales y Transporte escolar.<\/p>\r\n<!-- \/wp:paragraph -->\r\n\r\n<!-- wp:paragraph -->\r\n<p><\/p>\r\n<!-- \/wp:paragraph -->\r\n\r\n<!-- wp:paragraph -->\r\n<p>Siguiendo con la misma metodolog\u00eda, en Matanza se llev\u00f3 a cabo el encuentro el mi\u00e9rcoles 10 de mayo. En este municipio, se consolidaron cuatro comisiones: Mejoramiento vial, Transporte escolar, Mercado Campesino y Estudios y dise\u00f1os para Centro de Acopio.<\/p>\r\n<!-- \/wp:paragraph -->\r\n\r\n<!-- wp:paragraph -->\r\n<p><\/p>\r\n<!-- \/wp:paragraph -->\r\n\r\n<!-- wp:paragraph -->\r\n<p>Bajo esta iniciativa de construcci\u00f3n participativa, el Proyecto Soto Norte pretende que las l\u00edneas de inversi\u00f3n social generen realmente un beneficio colectivo. Aparte de las comisiones municipales, se tendr\u00e1n que conformar tres comisiones regionales.<\/p>\r\n<!-- \/wp:paragraph -->\r\n\r\n<!-- wp:paragraph -->\r\n<p><\/p>\r\n<!-- \/wp:paragraph -->\r\n\r\n<!-- wp:paragraph -->\r\n<p>Una es la comisi\u00f3n de Infraestructura que interviene en la planeaci\u00f3n y dise\u00f1o del proyecto insignia para la regi\u00f3n de Soto Norte: la conexi\u00f3n vial de la Provincia con Bucaramanga.<\/p>\r\n<!-- \/wp:paragraph -->\r\n\r\n<!-- wp:paragraph -->\r\n<p><\/p>\r\n<!-- \/wp:paragraph -->\r\n\r\n<!-- wp:paragraph -->\r\n<p>La segunda es la comisi\u00f3n de Relacionamiento y Gesti\u00f3n, la cual brinda soporte transversal a todas las comisiones definidas en el marco de los Acuerdos Sociales del Proyecto Soto Norte con todos los municipios del \u00e1rea de influencia. Esto, teniendo en cuenta que la ejecuci\u00f3n de cada uno de los planes necesitar\u00e1 gesti\u00f3n ante instancias gubernamentales y no gubernamentales, locales, departamentales y nacionales, as\u00ed como gesti\u00f3n de recursos necesarios para facilitar el desarrollo de proyectos clave en el territorio.<\/p>\r\n<!-- \/wp:paragraph -->\r\n\r\n<!-- wp:paragraph -->\r\n<p><\/p>\r\n<!-- \/wp:paragraph -->\r\n\r\n<!-- wp:paragraph -->\r\n<p>Finalmente, la tercera comisi\u00f3n regional es la de Innovaci\u00f3n y Competitividad, que ayudar\u00e1 a identificar y formular o soportar la formulaci\u00f3n de nuevos proyectos de desarrollo para la Provincia de Soto Norte.<\/p>\r\n<!-- \/wp:paragraph -->\r\n\r\n<!-- wp:paragraph -->\r\n<p><\/p>\r\n<!-- \/wp:paragraph -->\r\n\r\n<!-- wp:paragraph -->\r\n<p>\u201cHace un mes la comunidad tuvo la oportunidad de escoger las l\u00edneas de inversi\u00f3n y los proyectos. Con este segundo momento del proceso, buscamos que surja una visi\u00f3n compartida sobre lo que m\u00e1s le conviene al territorio, al municipio y a toda la comunidad. En este segundo encuentro contamos con nuevos participantes, pues demuestra el compromiso y la participaci\u00f3n activa de la gente de Soto Norte en las decisiones que tome la compa\u00f1\u00eda para la inversi\u00f3n social de este a\u00f1o\u201d, indic\u00f3 Yaneth Mantilla Bar\u00f3n, vicepresidenta de Asuntos Estrat\u00e9gicos.<\/p>\r\n<!-- \/wp:paragraph -->\r\n\r\n<!-- wp:paragraph -->\r\n<p><\/p>\r\n<!-- \/wp:paragraph -->\r\n\r\n<!-- wp:paragraph -->\r\n<p>Lizeth Dur\u00e1n Le\u00f3n, integrante del comit\u00e9 de Econom\u00eda Propia de Matanza, consider\u00f3 que \u201cha sido un ejercicio muy interesante y participativo porque se escuch\u00f3 a los ciudadanos. Tuvimos la oportunidad de trabajar en equipo para mirar c\u00f3mo podemos contribuir a la ejecuci\u00f3n de acciones para mitigar las diferentes necesidades que se est\u00e1n presentando en los territorios\u201d.<\/p>\r\n<!-- \/wp:paragraph -->\r\n\r\n<!-- wp:paragraph -->\r\n<p><\/p>\r\n<!-- \/wp:paragraph -->\r\n\r\n<!-- wp:paragraph -->\r\n<p>Cada comisi\u00f3n, que liderar\u00e1 una persona de la comunidad, tendr\u00e1 la responsabilidad de orientar y\/o acompa\u00f1ar el dise\u00f1o del proyecto, gestionar los permisos (ante autoridades y ante la comunidad) y dem\u00e1s acciones requeridas para habilitar o facilitar la ejecuci\u00f3n del mismo.<\/p>\r\n<!-- \/wp:paragraph -->\r\n\r\n<!-- wp:paragraph -->\r\n<p><\/p>\r\n<!-- \/wp:paragraph -->\r\n\r\n<!-- wp:paragraph -->\r\n<p>Es importante mencionar que entre sus funciones tambi\u00e9n est\u00e1 la de brindar acompa\u00f1amiento y supervisar la ejecuci\u00f3n del proyecto, mantener informada a la comunidad y gestionar recursos t\u00e9cnicos, financieros y humanos requeridos para asegurar la efectiva ejecuci\u00f3n del proyecto.<\/p>\r\n<!-- \/wp:paragraph -->\r\n\r\n<!-- wp:paragraph -->\r\n<p><\/p>\r\n<!-- \/wp:paragraph -->\r\n\r\n<!-- wp:paragraph -->\r\n<p>El Acuerdo Social Marco es uno de los resultados del \u201cDi\u00e1logo Social Soto Norte\u201d, un proceso liderado por el Proyecto Soto Norte y la Universidad EAN, en el que participaron m\u00e1s de 800 personas de la provincia, 100 l\u00edderes y lideresas, 69 Juntas de Acci\u00f3n Comunal, 71 veredas de los tres municipios.<\/p>\r\n<!-- \/wp:paragraph -->","_et_gb_content_width":"2880","footnotes":""},"categories":[13],"tags":[],"class_list":["post-253651","post","type-post","status-publish","format-standard","has-post-thumbnail","hentry","category-noticias"],"yoast_head":"<!-- This site is optimized with the Yoast SEO plugin v27.5 - https:\/\/yoast.com\/product\/yoast-seo-wordpress\/ -->\n<title>Comunidades y empresa siguen construyendo juntos el Plan de Inversi\u00f3n Social del Proyecto Soto Norte | Proyecto Soto Norte<\/title>\n<meta name=\"robots\" content=\"index, follow, max-snippet:-1, max-image-preview:large, max-video-preview:-1\" \/>\n<link rel=\"canonical\" href=\"https:\/\/proyectosotonorte.com\/en\/comunidades-y-empresa-siguen-construyendo-juntos-el-plan-de-inversion-social-del-proyecto-soto-norte\/\" \/>\n<meta property=\"og:locale\" content=\"en_US\" \/>\n<meta property=\"og:type\" content=\"article\" \/>\n<meta property=\"og:title\" content=\"Comunidades y empresa siguen construyendo juntos el Plan de Inversi\u00f3n Social del Proyecto Soto Norte | Proyecto Soto Norte\" \/>\n<meta property=\"og:description\" content=\"Bucaramanga, 13 de mayo de 2023. Con una masiva participaci\u00f3n de habitantes, l\u00edderes y lideresas de California, Surat\u00e1 y Matanza (Santander), se cumpli\u00f3 el Segundo Encuentro Comunitario convocado por el Proyecto Soto Norte, cuyo objetivo es construir junto a los pobladores de la provincia, el Acuerdo Social Marco donde quede definida la inversi\u00f3n social de [&hellip;]\" \/>\n<meta property=\"og:url\" content=\"https:\/\/proyectosotonorte.com\/en\/comunidades-y-empresa-siguen-construyendo-juntos-el-plan-de-inversion-social-del-proyecto-soto-norte\/\" \/>\n<meta property=\"og:site_name\" content=\"Proyecto Soto Norte\" \/>\n<meta property=\"article:publisher\" content=\"https:\/\/www.facebook.com\/ProSotoNorte\/\" \/>\n<meta property=\"article:published_time\" content=\"2023-05-13T21:53:00+00:00\" \/>\n<meta property=\"article:modified_time\" content=\"2025-12-18T16:11:07+00:00\" \/>\n<meta property=\"og:image\" content=\"https:\/\/proyectosotonorte.com\/wp-content\/uploads\/2023\/11\/Plan-de-inversion-social-scaled.webp\" \/>\n\t<meta property=\"og:image:width\" content=\"2560\" \/>\n\t<meta property=\"og:image:height\" content=\"1707\" \/>\n\t<meta property=\"og:image:type\" content=\"image\/webp\" \/>\n<meta name=\"author\" content=\"Edgar\" \/>\n<meta name=\"twitter:card\" content=\"summary_large_image\" \/>\n<meta name=\"twitter:creator\" content=\"@ProSotoNorte\" \/>\n<meta name=\"twitter:site\" content=\"@ProSotoNorte\" \/>\n<meta name=\"twitter:label1\" content=\"Written by\" \/>\n\t<meta name=\"twitter:data1\" content=\"Edgar\" \/>\n\t<meta name=\"twitter:label2\" content=\"Est. reading time\" \/>\n\t<meta name=\"twitter:data2\" content=\"4 minutes\" \/>\n<script type=\"application\/ld+json\" class=\"yoast-schema-graph\">{\"@context\":\"https:\\\/\\\/schema.org\",\"@graph\":[{\"@type\":\"Article\",\"@id\":\"https:\\\/\\\/proyectosotonorte.com\\\/comunidades-y-empresa-siguen-construyendo-juntos-el-plan-de-inversion-social-del-proyecto-soto-norte\\\/#article\",\"isPartOf\":{\"@id\":\"https:\\\/\\\/proyectosotonorte.com\\\/comunidades-y-empresa-siguen-construyendo-juntos-el-plan-de-inversion-social-del-proyecto-soto-norte\\\/\"},\"author\":{\"name\":\"Edgar\",\"@id\":\"https:\\\/\\\/proyectosotonorte.com\\\/#\\\/schema\\\/person\\\/e2f239daa44b05bd59400f8332fc0ed7\"},\"headline\":\"Comunidades y empresa siguen construyendo juntos el Plan de Inversi\u00f3n Social del Proyecto Soto Norte\",\"datePublished\":\"2023-05-13T21:53:00+00:00\",\"dateModified\":\"2025-12-18T16:11:07+00:00\",\"mainEntityOfPage\":{\"@id\":\"https:\\\/\\\/proyectosotonorte.com\\\/comunidades-y-empresa-siguen-construyendo-juntos-el-plan-de-inversion-social-del-proyecto-soto-norte\\\/\"},\"wordCount\":968,\"publisher\":{\"@id\":\"https:\\\/\\\/proyectosotonorte.com\\\/#organization\"},\"image\":{\"@id\":\"https:\\\/\\\/proyectosotonorte.com\\\/comunidades-y-empresa-siguen-construyendo-juntos-el-plan-de-inversion-social-del-proyecto-soto-norte\\\/#primaryimage\"},\"thumbnailUrl\":\"https:\\\/\\\/proyectosotonorte.com\\\/wp-content\\\/uploads\\\/2023\\\/11\\\/Plan-de-inversion-social-scaled.webp\",\"articleSection\":[\"Noticias\"],\"inLanguage\":\"en-US\"},{\"@type\":\"WebPage\",\"@id\":\"https:\\\/\\\/proyectosotonorte.com\\\/comunidades-y-empresa-siguen-construyendo-juntos-el-plan-de-inversion-social-del-proyecto-soto-norte\\\/\",\"url\":\"https:\\\/\\\/proyectosotonorte.com\\\/comunidades-y-empresa-siguen-construyendo-juntos-el-plan-de-inversion-social-del-proyecto-soto-norte\\\/\",\"name\":\"Comunidades y empresa siguen construyendo juntos el Plan de Inversi\u00f3n Social del Proyecto Soto Norte | Proyecto Soto Norte\",\"isPartOf\":{\"@id\":\"https:\\\/\\\/proyectosotonorte.com\\\/#website\"},\"primaryImageOfPage\":{\"@id\":\"https:\\\/\\\/proyectosotonorte.com\\\/comunidades-y-empresa-siguen-construyendo-juntos-el-plan-de-inversion-social-del-proyecto-soto-norte\\\/#primaryimage\"},\"image\":{\"@id\":\"https:\\\/\\\/proyectosotonorte.com\\\/comunidades-y-empresa-siguen-construyendo-juntos-el-plan-de-inversion-social-del-proyecto-soto-norte\\\/#primaryimage\"},\"thumbnailUrl\":\"https:\\\/\\\/proyectosotonorte.com\\\/wp-content\\\/uploads\\\/2023\\\/11\\\/Plan-de-inversion-social-scaled.webp\",\"datePublished\":\"2023-05-13T21:53:00+00:00\",\"dateModified\":\"2025-12-18T16:11:07+00:00\",\"breadcrumb\":{\"@id\":\"https:\\\/\\\/proyectosotonorte.com\\\/comunidades-y-empresa-siguen-construyendo-juntos-el-plan-de-inversion-social-del-proyecto-soto-norte\\\/#breadcrumb\"},\"inLanguage\":\"en-US\",\"potentialAction\":[{\"@type\":\"ReadAction\",\"target\":[\"https:\\\/\\\/proyectosotonorte.com\\\/comunidades-y-empresa-siguen-construyendo-juntos-el-plan-de-inversion-social-del-proyecto-soto-norte\\\/\"]}]},{\"@type\":\"ImageObject\",\"inLanguage\":\"en-US\",\"@id\":\"https:\\\/\\\/proyectosotonorte.com\\\/comunidades-y-empresa-siguen-construyendo-juntos-el-plan-de-inversion-social-del-proyecto-soto-norte\\\/#primaryimage\",\"url\":\"https:\\\/\\\/proyectosotonorte.com\\\/wp-content\\\/uploads\\\/2023\\\/11\\\/Plan-de-inversion-social-scaled.webp\",\"contentUrl\":\"https:\\\/\\\/proyectosotonorte.com\\\/wp-content\\\/uploads\\\/2023\\\/11\\\/Plan-de-inversion-social-scaled.webp\",\"width\":2560,\"height\":1707,\"caption\":\"Plan de inversi\u00f3n social, proyecto soto norte\"},{\"@type\":\"BreadcrumbList\",\"@id\":\"https:\\\/\\\/proyectosotonorte.com\\\/comunidades-y-empresa-siguen-construyendo-juntos-el-plan-de-inversion-social-del-proyecto-soto-norte\\\/#breadcrumb\",\"itemListElement\":[{\"@type\":\"ListItem\",\"position\":1,\"name\":\"Portada\",\"item\":\"https:\\\/\\\/proyectosotonorte.com\\\/\"},{\"@type\":\"ListItem\",\"position\":2,\"name\":\"Comunidades y empresa siguen construyendo juntos el Plan de Inversi\u00f3n Social del Proyecto Soto Norte\"}]},{\"@type\":\"WebSite\",\"@id\":\"https:\\\/\\\/proyectosotonorte.com\\\/#website\",\"url\":\"https:\\\/\\\/proyectosotonorte.com\\\/\",\"name\":\"Proyecto Soto Norte\",\"description\":\"El Proyecto Soto Norte es una apuesta hist\u00f3rica en Santander para hacer miner\u00eda para la vida, concebida a partir de la sostenibilidad social que tiene a la conservaci\u00f3n del agua como principio rector, garantiza el desarrollo anticipado de la regi\u00f3n y preserva e impulsa el orgullo del territorio.\",\"publisher\":{\"@id\":\"https:\\\/\\\/proyectosotonorte.com\\\/#organization\"},\"potentialAction\":[{\"@type\":\"SearchAction\",\"target\":{\"@type\":\"EntryPoint\",\"urlTemplate\":\"https:\\\/\\\/proyectosotonorte.com\\\/?s={search_term_string}\"},\"query-input\":{\"@type\":\"PropertyValueSpecification\",\"valueRequired\":true,\"valueName\":\"search_term_string\"}}],\"inLanguage\":\"en-US\"},{\"@type\":\"Organization\",\"@id\":\"https:\\\/\\\/proyectosotonorte.com\\\/#organization\",\"name\":\"Proyecto Soto Norte\",\"alternateName\":\"El Proyecto Soto Norte es una apuesta hist\u00f3rica en Santander para hacer miner\u00eda para la vida, concebida a partir de la sostenibilidad social que tiene a la conservaci\u00f3n del agua como principio rector, garantiza el desarrollo anticipado de la regi\u00f3n y preserva e impulsa el orgullo del territorio.\",\"url\":\"https:\\\/\\\/proyectosotonorte.com\\\/\",\"logo\":{\"@type\":\"ImageObject\",\"inLanguage\":\"en-US\",\"@id\":\"https:\\\/\\\/proyectosotonorte.com\\\/#\\\/schema\\\/logo\\\/image\\\/\",\"url\":\"https:\\\/\\\/proyectosotonorte.com\\\/wp-content\\\/uploads\\\/cropped-logo-pequeno-PSN.webp\",\"contentUrl\":\"https:\\\/\\\/proyectosotonorte.com\\\/wp-content\\\/uploads\\\/cropped-logo-pequeno-PSN.webp\",\"width\":512,\"height\":512,\"caption\":\"Proyecto Soto Norte\"},\"image\":{\"@id\":\"https:\\\/\\\/proyectosotonorte.com\\\/#\\\/schema\\\/logo\\\/image\\\/\"},\"sameAs\":[\"https:\\\/\\\/www.facebook.com\\\/ProSotoNorte\\\/\",\"https:\\\/\\\/x.com\\\/ProSotoNorte\",\"https:\\\/\\\/www.instagram.com\\\/prosotonorte\\\/\"]},{\"@type\":\"Person\",\"@id\":\"https:\\\/\\\/proyectosotonorte.com\\\/#\\\/schema\\\/person\\\/e2f239daa44b05bd59400f8332fc0ed7\",\"name\":\"Edgar\",\"image\":{\"@type\":\"ImageObject\",\"inLanguage\":\"en-US\",\"@id\":\"https:\\\/\\\/secure.gravatar.com\\\/avatar\\\/d1795d882d19751ce53ba6e690d62d46c9d52073bd9991b2d71621e7832dd0bb?s=96&d=mm&r=g\",\"url\":\"https:\\\/\\\/secure.gravatar.com\\\/avatar\\\/d1795d882d19751ce53ba6e690d62d46c9d52073bd9991b2d71621e7832dd0bb?s=96&d=mm&r=g\",\"contentUrl\":\"https:\\\/\\\/secure.gravatar.com\\\/avatar\\\/d1795d882d19751ce53ba6e690d62d46c9d52073bd9991b2d71621e7832dd0bb?s=96&d=mm&r=g\",\"caption\":\"Edgar\"},\"url\":\"https:\\\/\\\/proyectosotonorte.com\\\/en\\\/author\\\/edgar\\\/\"}]}<\/script>\n<!-- \/ Yoast SEO plugin. -->","yoast_head_json":{"title":"Comunidades y empresa siguen construyendo juntos el Plan de Inversi\u00f3n Social del Proyecto Soto Norte | Proyecto Soto Norte","robots":{"index":"index","follow":"follow","max-snippet":"max-snippet:-1","max-image-preview":"max-image-preview:large","max-video-preview":"max-video-preview:-1"},"canonical":"https:\/\/proyectosotonorte.com\/en\/comunidades-y-empresa-siguen-construyendo-juntos-el-plan-de-inversion-social-del-proyecto-soto-norte\/","og_locale":"en_US","og_type":"article","og_title":"Comunidades y empresa siguen construyendo juntos el Plan de Inversi\u00f3n Social del Proyecto Soto Norte | Proyecto Soto Norte","og_description":"Bucaramanga, 13 de mayo de 2023. Con una masiva participaci\u00f3n de habitantes, l\u00edderes y lideresas de California, Surat\u00e1 y Matanza (Santander), se cumpli\u00f3 el Segundo Encuentro Comunitario convocado por el Proyecto Soto Norte, cuyo objetivo es construir junto a los pobladores de la provincia, el Acuerdo Social Marco donde quede definida la inversi\u00f3n social de [&hellip;]","og_url":"https:\/\/proyectosotonorte.com\/en\/comunidades-y-empresa-siguen-construyendo-juntos-el-plan-de-inversion-social-del-proyecto-soto-norte\/","og_site_name":"Proyecto Soto Norte","article_publisher":"https:\/\/www.facebook.com\/ProSotoNorte\/","article_published_time":"2023-05-13T21:53:00+00:00","article_modified_time":"2025-12-18T16:11:07+00:00","og_image":[{"width":2560,"height":1707,"url":"https:\/\/proyectosotonorte.com\/wp-content\/uploads\/2023\/11\/Plan-de-inversion-social-scaled.webp","type":"image\/webp"}],"author":"Edgar","twitter_card":"summary_large_image","twitter_creator":"@ProSotoNorte","twitter_site":"@ProSotoNorte","twitter_misc":{"Written by":"Edgar","Est. reading time":"4 minutes"},"schema":{"@context":"https:\/\/schema.org","@graph":[{"@type":"Article","@id":"https:\/\/proyectosotonorte.com\/comunidades-y-empresa-siguen-construyendo-juntos-el-plan-de-inversion-social-del-proyecto-soto-norte\/#article","isPartOf":{"@id":"https:\/\/proyectosotonorte.com\/comunidades-y-empresa-siguen-construyendo-juntos-el-plan-de-inversion-social-del-proyecto-soto-norte\/"},"author":{"name":"Edgar","@id":"https:\/\/proyectosotonorte.com\/#\/schema\/person\/e2f239daa44b05bd59400f8332fc0ed7"},"headline":"Comunidades y empresa siguen construyendo juntos el Plan de Inversi\u00f3n Social del Proyecto Soto Norte","datePublished":"2023-05-13T21:53:00+00:00","dateModified":"2025-12-18T16:11:07+00:00","mainEntityOfPage":{"@id":"https:\/\/proyectosotonorte.com\/comunidades-y-empresa-siguen-construyendo-juntos-el-plan-de-inversion-social-del-proyecto-soto-norte\/"},"wordCount":968,"publisher":{"@id":"https:\/\/proyectosotonorte.com\/#organization"},"image":{"@id":"https:\/\/proyectosotonorte.com\/comunidades-y-empresa-siguen-construyendo-juntos-el-plan-de-inversion-social-del-proyecto-soto-norte\/#primaryimage"},"thumbnailUrl":"https:\/\/proyectosotonorte.com\/wp-content\/uploads\/2023\/11\/Plan-de-inversion-social-scaled.webp","articleSection":["Noticias"],"inLanguage":"en-US"},{"@type":"WebPage","@id":"https:\/\/proyectosotonorte.com\/comunidades-y-empresa-siguen-construyendo-juntos-el-plan-de-inversion-social-del-proyecto-soto-norte\/","url":"https:\/\/proyectosotonorte.com\/comunidades-y-empresa-siguen-construyendo-juntos-el-plan-de-inversion-social-del-proyecto-soto-norte\/","name":"Comunidades y empresa siguen construyendo juntos el Plan de Inversi\u00f3n Social del Proyecto Soto Norte | Proyecto Soto Norte","isPartOf":{"@id":"https:\/\/proyectosotonorte.com\/#website"},"primaryImageOfPage":{"@id":"https:\/\/proyectosotonorte.com\/comunidades-y-empresa-siguen-construyendo-juntos-el-plan-de-inversion-social-del-proyecto-soto-norte\/#primaryimage"},"image":{"@id":"https:\/\/proyectosotonorte.com\/comunidades-y-empresa-siguen-construyendo-juntos-el-plan-de-inversion-social-del-proyecto-soto-norte\/#primaryimage"},"thumbnailUrl":"https:\/\/proyectosotonorte.com\/wp-content\/uploads\/2023\/11\/Plan-de-inversion-social-scaled.webp","datePublished":"2023-05-13T21:53:00+00:00","dateModified":"2025-12-18T16:11:07+00:00","breadcrumb":{"@id":"https:\/\/proyectosotonorte.com\/comunidades-y-empresa-siguen-construyendo-juntos-el-plan-de-inversion-social-del-proyecto-soto-norte\/#breadcrumb"},"inLanguage":"en-US","potentialAction":[{"@type":"ReadAction","target":["https:\/\/proyectosotonorte.com\/comunidades-y-empresa-siguen-construyendo-juntos-el-plan-de-inversion-social-del-proyecto-soto-norte\/"]}]},{"@type":"ImageObject","inLanguage":"en-US","@id":"https:\/\/proyectosotonorte.com\/comunidades-y-empresa-siguen-construyendo-juntos-el-plan-de-inversion-social-del-proyecto-soto-norte\/#primaryimage","url":"https:\/\/proyectosotonorte.com\/wp-content\/uploads\/2023\/11\/Plan-de-inversion-social-scaled.webp","contentUrl":"https:\/\/proyectosotonorte.com\/wp-content\/uploads\/2023\/11\/Plan-de-inversion-social-scaled.webp","width":2560,"height":1707,"caption":"Plan de inversi\u00f3n social, proyecto soto norte"},{"@type":"BreadcrumbList","@id":"https:\/\/proyectosotonorte.com\/comunidades-y-empresa-siguen-construyendo-juntos-el-plan-de-inversion-social-del-proyecto-soto-norte\/#breadcrumb","itemListElement":[{"@type":"ListItem","position":1,"name":"Portada","item":"https:\/\/proyectosotonorte.com\/"},{"@type":"ListItem","position":2,"name":"Comunidades y empresa siguen construyendo juntos el Plan de Inversi\u00f3n Social del Proyecto Soto Norte"}]},{"@type":"WebSite","@id":"https:\/\/proyectosotonorte.com\/#website","url":"https:\/\/proyectosotonorte.com\/","name":"Proyecto Soto Norte","description":"The Soto Norte Project (PSN for its acronym in Spanish) is a historic commitment in Santander to make mining for life, conceived from the social sustainability that has water conservation as a guiding principle, guarantees the anticipated development of the region and preserves and promotes the pride of the territory.","publisher":{"@id":"https:\/\/proyectosotonorte.com\/#organization"},"potentialAction":[{"@type":"SearchAction","target":{"@type":"EntryPoint","urlTemplate":"https:\/\/proyectosotonorte.com\/?s={search_term_string}"},"query-input":{"@type":"PropertyValueSpecification","valueRequired":true,"valueName":"search_term_string"}}],"inLanguage":"en-US"},{"@type":"Organization","@id":"https:\/\/proyectosotonorte.com\/#organization","name":"Proyecto Soto Norte","alternateName":"El Proyecto Soto Norte es una apuesta hist\u00f3rica en Santander para hacer miner\u00eda para la vida, concebida a partir de la sostenibilidad social que tiene a la conservaci\u00f3n del agua como principio rector, garantiza el desarrollo anticipado de la regi\u00f3n y preserva e impulsa el orgullo del territorio.","url":"https:\/\/proyectosotonorte.com\/","logo":{"@type":"ImageObject","inLanguage":"en-US","@id":"https:\/\/proyectosotonorte.com\/#\/schema\/logo\/image\/","url":"https:\/\/proyectosotonorte.com\/wp-content\/uploads\/cropped-logo-pequeno-PSN.webp","contentUrl":"https:\/\/proyectosotonorte.com\/wp-content\/uploads\/cropped-logo-pequeno-PSN.webp","width":512,"height":512,"caption":"Proyecto Soto Norte"},"image":{"@id":"https:\/\/proyectosotonorte.com\/#\/schema\/logo\/image\/"},"sameAs":["https:\/\/www.facebook.com\/ProSotoNorte\/","https:\/\/x.com\/ProSotoNorte","https:\/\/www.instagram.com\/prosotonorte\/"]},{"@type":"Person","@id":"https:\/\/proyectosotonorte.com\/#\/schema\/person\/e2f239daa44b05bd59400f8332fc0ed7","name":"Edgar","image":{"@type":"ImageObject","inLanguage":"en-US","@id":"https:\/\/secure.gravatar.com\/avatar\/d1795d882d19751ce53ba6e690d62d46c9d52073bd9991b2d71621e7832dd0bb?s=96&d=mm&r=g","url":"https:\/\/secure.gravatar.com\/avatar\/d1795d882d19751ce53ba6e690d62d46c9d52073bd9991b2d71621e7832dd0bb?s=96&d=mm&r=g","contentUrl":"https:\/\/secure.gravatar.com\/avatar\/d1795d882d19751ce53ba6e690d62d46c9d52073bd9991b2d71621e7832dd0bb?s=96&d=mm&r=g","caption":"Edgar"},"url":"https:\/\/proyectosotonorte.com\/en\/author\/edgar\/"}]}},"_links":{"self":[{"href":"https:\/\/proyectosotonorte.com\/en\/wp-json\/wp\/v2\/posts\/253651","targetHints":{"allow":["GET"]}}],"collection":[{"href":"https:\/\/proyectosotonorte.com\/en\/wp-json\/wp\/v2\/posts"}],"about":[{"href":"https:\/\/proyectosotonorte.com\/en\/wp-json\/wp\/v2\/types\/post"}],"author":[{"embeddable":true,"href":"https:\/\/proyectosotonorte.com\/en\/wp-json\/wp\/v2\/users\/2"}],"replies":[{"embeddable":true,"href":"https:\/\/proyectosotonorte.com\/en\/wp-json\/wp\/v2\/comments?post=253651"}],"version-history":[{"count":6,"href":"https:\/\/proyectosotonorte.com\/en\/wp-json\/wp\/v2\/posts\/253651\/revisions"}],"predecessor-version":[{"id":987516548,"href":"https:\/\/proyectosotonorte.com\/en\/wp-json\/wp\/v2\/posts\/253651\/revisions\/987516548"}],"wp:featuredmedia":[{"embeddable":true,"href":"https:\/\/proyectosotonorte.com\/en\/wp-json\/wp\/v2\/media\/987513563"}],"wp:attachment":[{"href":"https:\/\/proyectosotonorte.com\/en\/wp-json\/wp\/v2\/media?parent=253651"}],"wp:term":[{"taxonomy":"category","embeddable":true,"href":"https:\/\/proyectosotonorte.com\/en\/wp-json\/wp\/v2\/categories?post=253651"},{"taxonomy":"post_tag","embeddable":true,"href":"https:\/\/proyectosotonorte.com\/en\/wp-json\/wp\/v2\/tags?post=253651"}],"curies":[{"name":"wp","href":"https:\/\/api.w.org\/{rel}","templated":true}]}}