{"id":987512871,"date":"2023-09-12T10:15:48","date_gmt":"2023-09-12T15:15:48","guid":{"rendered":"https:\/\/proyectosotonorte.com\/?p=987512871"},"modified":"2025-12-18T11:09:59","modified_gmt":"2025-12-18T16:09:59","slug":"mas-de-450-deportistas-de-la-provincia-participaron-en-el-mundialito-soto-norte-2023","status":"publish","type":"post","link":"https:\/\/proyectosotonorte.com\/en\/mas-de-450-deportistas-de-la-provincia-participaron-en-el-mundialito-soto-norte-2023\/","title":{"rendered":"More than 450 athletes from the province participated in the Mundialito Soto Norte 2023 (Soto Norte Mini World Cup 2023)"},"content":{"rendered":"<p>[et_pb_section fb_built=\u00bb1&#8243; admin_label=\u00bbCuerpo entrada\u00bb _builder_version=\u00bb4.16&#8243; custom_padding=\u00bb18px|||||\u00bb global_colors_info=\u00bb{}\u00bb theme_builder_area=\u00bbpost_content\u00bb][et_pb_row admin_label=\u00bbrow\u00bb _builder_version=\u00bb4.27.5&#8243; background_size=\u00bbinitial\u00bb background_position=\u00bbtop_left\u00bb background_repeat=\u00bbrepeat\u00bb hover_enabled=\u00bb0&#8243; global_colors_info=\u00bb{}\u00bb theme_builder_area=\u00bbpost_content\u00bb width=\u00bb100%\u00bb sticky_enabled=\u00bb0&#8243;][et_pb_column type=\u00bb4_4&#8243; _builder_version=\u00bb4.16&#8243; custom_padding=\u00bb|||\u00bb global_colors_info=\u00bb{}\u00bb custom_padding__hover=\u00bb|||\u00bb theme_builder_area=\u00bbpost_content\u00bb][et_pb_text admin_label=\u00bbText\u00bb _builder_version=\u00bb4.22.1&#8243; text_text_color=\u00bb#000000&#8243; text_font_size=\u00bb18px\u00bb background_size=\u00bbinitial\u00bb background_position=\u00bbtop_left\u00bb background_repeat=\u00bbrepeat\u00bb text_font_size_tablet=\u00bb16px\u00bb text_font_size_phone=\u00bb15px\u00bb text_font_size_last_edited=\u00bbon|tablet\u00bb global_colors_info=\u00bb{}\u00bb theme_builder_area=\u00bbpost_content\u00bb]<\/p>\n<ul>\n<li><em>Con la participaci\u00f3n de 42 equipos, el Proyecto Soto Norte llev\u00f3 a cabo el Mundialito Soto Norte 2023; un torneo de microf\u00fatbol que uni\u00f3 a las familias de la regi\u00f3n en torno al deporte.<\/em><\/li>\n<li><em>Con este evento se logr\u00f3 dinamizar la econom\u00eda local generando compras, servicios y contrataci\u00f3n de mano de obra. <\/em><\/li>\n<li><em>La realizaci\u00f3n del torneo permiti\u00f3 dejar una huella favorable en la infraestructura deportiva, dado que cinco escenarios deportivos fueron intervenidos y hoy las comunidades pueden disfrutarlos para actividades de sano esparcimiento. <\/em><\/li>\n<\/ul>\n<p><em>\u00a0<\/em><strong><em>Soto Norte, agosto de 2023. <\/em><\/strong>Durante los primeros tres fines de semana de agosto, 42 equipos de los diferentes sectores urbanos y rurales de California, Surat\u00e1, Matanza, Charta, Tona y Vetas disputaron el primer Mundialito de microf\u00fatbol de Soto Norte 2023, una estrategia que permiti\u00f3 generar bienestar, desarrollo, y trabajo en equipo entre los habitantes de toda la provincia.<\/p>\n<p>Este torneo rel\u00e1mpago de microf\u00fatbol, que congreg\u00f3 a m\u00e1s de 450 deportistas, fue organizado por el Proyecto Soto Norte (PSN) para permitir que los habitantes de este hermoso territorio se reencontraran con sus paisanos, siguieran reconoci\u00e9ndose como una comunidad unida que piensa en su desarrollo, y disfrutaran de un<span> espacio de integraci\u00f3n y sano esparcimiento.<\/span><span><\/span><\/p>\n<p><span>El campeonato tuvo una \u201cfase preliminar\u201d, donde los equipos de Matanza, California, Surat\u00e1, Vetas, Tona y Charta compitieron entre s\u00ed para elegir al campe\u00f3n de cada uno de sus municipios. Luego, los 6 mejores de toda la provincia, recibieron sus trofeos, uniformes e indumentaria, para enfrentarse en la gran final que se llev\u00f3 a cabo en la Cancha Municipal de Matanza, el s\u00e1bado 19 de agosto de 2023.<\/span><\/p>\n<p><span>De acuerdo con lo anterior, los equipos representantes de cada municipio fueron: por California fue el equipo Centro; por Matanza, el equipo San Francisco; por Surat\u00e1, el equipo P\u00e1naga; por Charta el equipo Pantanos; por Vetas el equipo Centro; y por Tona el equipo Berl\u00edn Centro.<\/span><\/p>\n<p><span><img loading=\"lazy\" decoding=\"async\" src=\"https:\/\/proyectosotonorte.com\/wp-content\/uploads\/2023\/09\/mundialito-soto-norte-2-1024x684.webp\" width=\"1024\" height=\"684\" alt=\"\" class=\"wp-image-987512892 aligncenter size-large\" srcset=\"https:\/\/proyectosotonorte.com\/wp-content\/uploads\/2023\/09\/mundialito-soto-norte-2-980x654.webp 980w, https:\/\/proyectosotonorte.com\/wp-content\/uploads\/2023\/09\/mundialito-soto-norte-2-480x320.webp 480w\" sizes=\"(min-width: 0px) and (max-width: 480px) 480px, (min-width: 481px) and (max-width: 980px) 980px, (min-width: 981px) 1024px, 100vw\" \/><\/span><\/p>\n<p><span>En la emocionante final, transmitida en directo por las redes sociales del Proyecto Soto Norte y de los medios locales, con el apoyo en la producci\u00f3n del Canal regional TRO, el equipo de Charta se coron\u00f3 campe\u00f3n luego de vencer al aguerrido equipo de Berl\u00edn Centro. <\/span><\/p>\n<p>\u201cEl Mundialito Soto Norte sum\u00f3 43 partidos jugados nos permiti\u00f3 gritar m\u00e1s de 400 golazos de nuestros deportistas. Gracias a la participaci\u00f3n de los equipos, este evento fue un espacio maravilloso, porque nos permiti\u00f3 compartir con nuestros vecinos de Matanza, Surat\u00e1, Vetas, Charta, Tona y California. Desde el principio, quisimos que este fuera un encuentro que va m\u00e1s all\u00e1 de la competencia, y demostrara que nosotros nos la jugamos por el bienestar que tanto necesita nuestra regi\u00f3n\u201d, se\u00f1al\u00f3 Heidy Ovalle, gerente Social del PSN.<\/p>\n<p>Este evento, que muchos calificaron como el mejor torneo deportivo en la historia de la provincia, permiti\u00f3 impactar positivamente la econom\u00eda de los municipios gracias a la compra y venta de alimentos y servicios necesarios para su desarrollo. Adem\u00e1s, los trabajos de recuperaci\u00f3n y mantenimiento realizados por el equipo del PSN, permiti\u00f3 recuperar y dejar en \u00f3ptimas condiciones 5 espacios deportivos en los diferentes municipios. Para el caso de Vetas, no se realiz\u00f3 ninguna intervenci\u00f3n dado que su cancha estaba bien, pero se don\u00f3 la pintura para la cancha municipal.<\/p>\n<p>\u00d3scar Arenales, uno de los destacados jugadores que tuvo Charta, se\u00f1al\u00f3 que \u201cestamos muy agradecidos con el Proyecto Soto Norte por permitirnos vivir estas experiencias, por unirnos a todos los municipios de la provincia\u201d.<\/p>\n<p>Dixon Herrera, jugador del equipo de Tona, tambi\u00e9n expres\u00f3 la satisfacci\u00f3n que le gener\u00f3 este certamen. \u201cEl Proyecto Soto Norte vincul\u00f3 a toda la provincia en torno al deporte. Para nosotros es muy importante participar en este tipo de eventos que promueve la integraci\u00f3n. Nunca hab\u00edamos visto algo as\u00ed en nuestra regi\u00f3n.\u201d<\/p>\n<p>Con ventos como este, desde el Proyecto Soto Norte ratificamos nuestro compromiso con el bienestar de la regi\u00f3n, y seguiremos demostrando que nuestro principal recurso humano es la gente de la provincia.<\/p>\n<p>[\/et_pb_text][\/et_pb_column][\/et_pb_row][et_pb_row column_structure=\u00bb1_3,1_3,1_3&#8243; admin_label=\u00bbGaler\u00eda feria emprendimiento\u00bb _builder_version=\u00bb4.27.5&#8243; _module_preset=\u00bbdefault\u00bb background_image=\u00bbhttps:\/\/proyectosotonorte.com\/wp-content\/uploads\/2023\/08\/sombra-de-divicion.png\u00bb hover_enabled=\u00bb0&#8243; border_radii=\u00bboff|||56px|56px\u00bb global_colors_info=\u00bb{}\u00bb theme_builder_area=\u00bbpost_content\u00bb width=\u00bb100%\u00bb sticky_enabled=\u00bb0&#8243;][et_pb_column type=\u00bb1_3&#8243; admin_label=\u00bbGaler\u00eda\u00bb _builder_version=\u00bb4.20.4&#8243; _module_preset=\u00bbdefault\u00bb global_colors_info=\u00bb{}\u00bb theme_builder_area=\u00bbpost_content\u00bb][et_pb_text admin_label=\u00bbtexto\u00bb _builder_version=\u00bb4.20.4&#8243; _module_preset=\u00bbdefault\u00bb text_text_color=\u00bb#0b3d5c\u00bb text_font_size=\u00bb42px\u00bb header_font=\u00bbFutura|500|||||||\u00bb header_text_color=\u00bb#0b3d5c\u00bb header_font_size=\u00bb35px\u00bb header_2_text_color=\u00bb#0b3d5c\u00bb header_2_font_size=\u00bb30px\u00bb transform_scale_tablet=\u00bb\u00bb transform_scale_phone=\u00bb\u00bb transform_scale_last_edited=\u00bbon|desktop\u00bb transform_translate_tablet=\u00bb\u00bb transform_translate_phone=\u00bb\u00bb transform_translate_last_edited=\u00bbon|phone\u00bb transform_translate_linked=\u00bboff\u00bb transform_rotate_tablet=\u00bb\u00bb transform_rotate_phone=\u00bb\u00bb transform_rotate_last_edited=\u00bbon|desktop\u00bb transform_skew_tablet=\u00bb\u00bb transform_skew_phone=\u00bb\u00bb transform_skew_last_edited=\u00bbon|desktop\u00bb transform_origin_tablet=\u00bb\u00bb transform_origin_phone=\u00bb\u00bb transform_origin_last_edited=\u00bbon|desktop\u00bb transform_styles_last_edited=\u00bbon|desktop\u00bb text_orientation=\u00bbright\u00bb custom_margin=\u00bb64px|-147px||171px|false|false\u00bb custom_margin_tablet=\u00bb34px|0px||0px|false|false\u00bb custom_margin_phone=\u00bb38px|||0px|false|false\u00bb custom_margin_last_edited=\u00bbon|phone\u00bb text_font_size_tablet=\u00bb25px\u00bb text_font_size_phone=\u00bb21px\u00bb text_font_size_last_edited=\u00bbon|phone\u00bb header_font_size_tablet=\u00bb30px\u00bb header_font_size_phone=\u00bb25px\u00bb header_font_size_last_edited=\u00bbon|desktop\u00bb header_2_font_size_tablet=\u00bb26px\u00bb header_2_font_size_phone=\u00bb23px\u00bb header_2_font_size_last_edited=\u00bbon|phone\u00bb transform_styles_tablet=\u00bb\u00bb transform_styles_phone=\u00bb\u00bb text_orientation_tablet=\u00bbcenter\u00bb text_orientation_phone=\u00bbcenter\u00bb text_orientation_last_edited=\u00bbon|tablet\u00bb border_color_right=\u00bb#FFFFFF\u00bb border_color_left=\u00bb#0b3d5c\u00bb border_width_all_tablet=\u00bb\u00bb border_width_all_phone=\u00bb\u00bb border_width_all_last_edited=\u00bbon|desktop\u00bb border_width_right_tablet=\u00bb\u00bb border_width_right_phone=\u00bb\u00bb border_width_right_last_edited=\u00bbon|desktop\u00bb global_colors_info=\u00bb{}\u00bb transform_styles__hover_enabled=\u00bboff|desktop\u00bb transform_scale__hover_enabled=\u00bboff|desktop\u00bb transform_translate__hover_enabled=\u00bboff|desktop\u00bb transform_rotate__hover_enabled=\u00bboff|desktop\u00bb transform_skew__hover_enabled=\u00bboff|desktop\u00bb transform_origin__hover_enabled=\u00bboff|desktop\u00bb transform_translate__hover=\u00bb12px|0px\u00bb theme_builder_area=\u00bbpost_content\u00bb]<\/p>\n<p><span style=\"font-weight: 400;\">Galer\u00eda<\/span><\/p>\n<p>[\/et_pb_text][\/et_pb_column][et_pb_column type=\u00bb1_3&#8243; admin_label=\u00bbseparador\u00bb _builder_version=\u00bb4.20.4&#8243; _module_preset=\u00bbdefault\u00bb global_colors_info=\u00bb{}\u00bb theme_builder_area=\u00bbpost_content\u00bb][et_pb_divider show_divider=\u00bboff\u00bb disabled_on=\u00bbon|on|off\u00bb _builder_version=\u00bb4.20.4&#8243; _module_preset=\u00bbdefault\u00bb width=\u00bb0%\u00bb module_alignment=\u00bbcenter\u00bb height=\u00bb65px\u00bb custom_margin=\u00bb47px||||false|false\u00bb border_width_right=\u00bb2px\u00bb border_color_right=\u00bb#0b3d5c\u00bb global_colors_info=\u00bb{}\u00bb theme_builder_area=\u00bbpost_content\u00bb][\/et_pb_divider][\/et_pb_column][et_pb_column type=\u00bb1_3&#8243; admin_label=\u00bbim\u00e1gen\u00bb _builder_version=\u00bb4.20.4&#8243; _module_preset=\u00bbdefault\u00bb global_colors_info=\u00bb{}\u00bb theme_builder_area=\u00bbpost_content\u00bb][et_pb_image src=\u00bbhttps:\/\/proyectosotonorte.com\/wp-content\/uploads\/2023\/09\/Mundialito_1-1.webp\u00bb alt=\u00bbFeria de emprendimiento soto norte\u00bb title_text=\u00bbMundialito_1 (1)\u00bb url=\u00bb@ET-DC@eyJkeW5hbWljIjp0cnVlLCJjb250ZW50IjoicG9zdF9saW5rX3VybF9wYWdlIiwic2V0dGluZ3MiOnsicG9zdF9pZCI6Ijk4NzUxMzE4MyJ9fQ==@\u00bb align_tablet=\u00bbcenter\u00bb align_phone=\u00bbcenter\u00bb align_last_edited=\u00bbon|phone\u00bb _builder_version=\u00bb4.23.1&#8243; _dynamic_attributes=\u00bburl\u00bb _module_preset=\u00bbdefault\u00bb width=\u00bb109%\u00bb width_tablet=\u00bb47%\u00bb width_phone=\u00bb80%\u00bb width_last_edited=\u00bbon|phone\u00bb custom_margin=\u00bb|0px||-128px|false|false\u00bb custom_margin_tablet=\u00bb|||0px|false|false\u00bb custom_margin_phone=\u00bb|||0px|false|false\u00bb custom_margin_last_edited=\u00bbon|tablet\u00bb module_alignment_tablet=\u00bbcenter\u00bb module_alignment_phone=\u00bbcenter\u00bb module_alignment_last_edited=\u00bbon|desktop\u00bb border_radii=\u00bbon|22px|22px|22px|22px\u00bb global_colors_info=\u00bb{}\u00bb transform_styles__hover_enabled=\u00bbon|hover\u00bb transform_scale__hover_enabled=\u00bbon|hover\u00bb transform_translate__hover_enabled=\u00bbon|desktop\u00bb transform_rotate__hover_enabled=\u00bbon|desktop\u00bb transform_skew__hover_enabled=\u00bbon|desktop\u00bb transform_origin__hover_enabled=\u00bbon|desktop\u00bb transform_scale__hover=\u00bb102%|102%\u00bb theme_builder_area=\u00bbpost_content\u00bb][\/et_pb_image][\/et_pb_column][\/et_pb_row][\/et_pb_section]<\/p>\n","protected":false},"excerpt":{"rendered":"<p>Con la participaci\u00f3n de 42 equipos, el Proyecto Soto Norte llev\u00f3 a cabo el Mundialito Soto Norte 2023; un torneo de microf\u00fatbol que uni\u00f3 a las familias de la regi\u00f3n en torno al deporte. Con este evento se logr\u00f3 dinamizar la econom\u00eda local generando compras, servicios y contrataci\u00f3n de mano de obra. La realizaci\u00f3n del [&hellip;]<\/p>\n","protected":false},"author":1,"featured_media":987512888,"comment_status":"closed","ping_status":"closed","sticky":false,"template":"","format":"standard","meta":{"_et_pb_use_builder":"on","_et_pb_old_content":"","_et_gb_content_width":"2880","footnotes":""},"categories":[13],"tags":[],"class_list":["post-987512871","post","type-post","status-publish","format-standard","has-post-thumbnail","hentry","category-noticias"],"yoast_head":"<!-- This site is optimized with the Yoast SEO plugin v27.5 - https:\/\/yoast.com\/product\/yoast-seo-wordpress\/ -->\n<title>M\u00e1s de 450 deportistas de la provincia participaron en el Mundialito Soto Norte 2023 | Proyecto Soto Norte<\/title>\n<meta name=\"robots\" content=\"index, follow, max-snippet:-1, max-image-preview:large, max-video-preview:-1\" \/>\n<link rel=\"canonical\" href=\"https:\/\/proyectosotonorte.com\/en\/mas-de-450-deportistas-de-la-provincia-participaron-en-el-mundialito-soto-norte-2023\/\" \/>\n<meta property=\"og:locale\" content=\"en_US\" \/>\n<meta property=\"og:type\" content=\"article\" \/>\n<meta property=\"og:title\" content=\"M\u00e1s de 450 deportistas de la provincia participaron en el Mundialito Soto Norte 2023 | Proyecto Soto Norte\" \/>\n<meta property=\"og:description\" content=\"Con la participaci\u00f3n de 42 equipos, el Proyecto Soto Norte llev\u00f3 a cabo el Mundialito Soto Norte 2023; un torneo de microf\u00fatbol que uni\u00f3 a las familias de la regi\u00f3n en torno al deporte. Con este evento se logr\u00f3 dinamizar la econom\u00eda local generando compras, servicios y contrataci\u00f3n de mano de obra. La realizaci\u00f3n del [&hellip;]\" \/>\n<meta property=\"og:url\" content=\"https:\/\/proyectosotonorte.com\/en\/mas-de-450-deportistas-de-la-provincia-participaron-en-el-mundialito-soto-norte-2023\/\" \/>\n<meta property=\"og:site_name\" content=\"Proyecto Soto Norte\" \/>\n<meta property=\"article:publisher\" content=\"https:\/\/www.facebook.com\/ProSotoNorte\/\" \/>\n<meta property=\"article:published_time\" content=\"2023-09-12T15:15:48+00:00\" \/>\n<meta property=\"article:modified_time\" content=\"2025-12-18T16:09:59+00:00\" \/>\n<meta property=\"og:image\" content=\"https:\/\/proyectosotonorte.com\/wp-content\/uploads\/2023\/09\/imagen-destacada-boletin-scaled.webp\" \/>\n\t<meta property=\"og:image:width\" content=\"2560\" \/>\n\t<meta property=\"og:image:height\" content=\"1736\" \/>\n\t<meta property=\"og:image:type\" content=\"image\/webp\" \/>\n<meta name=\"author\" content=\"SotoNorteAdmin\" \/>\n<meta name=\"twitter:card\" content=\"summary_large_image\" \/>\n<meta name=\"twitter:creator\" content=\"@ProSotoNorte\" \/>\n<meta name=\"twitter:site\" content=\"@ProSotoNorte\" \/>\n<meta name=\"twitter:label1\" content=\"Written by\" \/>\n\t<meta name=\"twitter:data1\" content=\"SotoNorteAdmin\" \/>\n\t<meta name=\"twitter:label2\" content=\"Est. reading time\" \/>\n\t<meta name=\"twitter:data2\" content=\"5 minutes\" \/>\n<script type=\"application\/ld+json\" class=\"yoast-schema-graph\">{\"@context\":\"https:\\\/\\\/schema.org\",\"@graph\":[{\"@type\":\"Article\",\"@id\":\"https:\\\/\\\/proyectosotonorte.com\\\/mas-de-450-deportistas-de-la-provincia-participaron-en-el-mundialito-soto-norte-2023\\\/#article\",\"isPartOf\":{\"@id\":\"https:\\\/\\\/proyectosotonorte.com\\\/mas-de-450-deportistas-de-la-provincia-participaron-en-el-mundialito-soto-norte-2023\\\/\"},\"author\":{\"name\":\"SotoNorteAdmin\",\"@id\":\"https:\\\/\\\/proyectosotonorte.com\\\/#\\\/schema\\\/person\\\/38abb15c0ee0567281fc9379e0727561\"},\"headline\":\"M\u00e1s de 450 deportistas de la provincia participaron en el Mundialito Soto Norte 2023\",\"datePublished\":\"2023-09-12T15:15:48+00:00\",\"dateModified\":\"2025-12-18T16:09:59+00:00\",\"mainEntityOfPage\":{\"@id\":\"https:\\\/\\\/proyectosotonorte.com\\\/mas-de-450-deportistas-de-la-provincia-participaron-en-el-mundialito-soto-norte-2023\\\/\"},\"wordCount\":1462,\"publisher\":{\"@id\":\"https:\\\/\\\/proyectosotonorte.com\\\/#organization\"},\"image\":{\"@id\":\"https:\\\/\\\/proyectosotonorte.com\\\/mas-de-450-deportistas-de-la-provincia-participaron-en-el-mundialito-soto-norte-2023\\\/#primaryimage\"},\"thumbnailUrl\":\"https:\\\/\\\/proyectosotonorte.com\\\/wp-content\\\/uploads\\\/2023\\\/09\\\/imagen-destacada-boletin-scaled.webp\",\"articleSection\":[\"Noticias\"],\"inLanguage\":\"en-US\"},{\"@type\":\"WebPage\",\"@id\":\"https:\\\/\\\/proyectosotonorte.com\\\/mas-de-450-deportistas-de-la-provincia-participaron-en-el-mundialito-soto-norte-2023\\\/\",\"url\":\"https:\\\/\\\/proyectosotonorte.com\\\/mas-de-450-deportistas-de-la-provincia-participaron-en-el-mundialito-soto-norte-2023\\\/\",\"name\":\"M\u00e1s de 450 deportistas de la provincia participaron en el Mundialito Soto Norte 2023 | Proyecto Soto Norte\",\"isPartOf\":{\"@id\":\"https:\\\/\\\/proyectosotonorte.com\\\/#website\"},\"primaryImageOfPage\":{\"@id\":\"https:\\\/\\\/proyectosotonorte.com\\\/mas-de-450-deportistas-de-la-provincia-participaron-en-el-mundialito-soto-norte-2023\\\/#primaryimage\"},\"image\":{\"@id\":\"https:\\\/\\\/proyectosotonorte.com\\\/mas-de-450-deportistas-de-la-provincia-participaron-en-el-mundialito-soto-norte-2023\\\/#primaryimage\"},\"thumbnailUrl\":\"https:\\\/\\\/proyectosotonorte.com\\\/wp-content\\\/uploads\\\/2023\\\/09\\\/imagen-destacada-boletin-scaled.webp\",\"datePublished\":\"2023-09-12T15:15:48+00:00\",\"dateModified\":\"2025-12-18T16:09:59+00:00\",\"breadcrumb\":{\"@id\":\"https:\\\/\\\/proyectosotonorte.com\\\/mas-de-450-deportistas-de-la-provincia-participaron-en-el-mundialito-soto-norte-2023\\\/#breadcrumb\"},\"inLanguage\":\"en-US\",\"potentialAction\":[{\"@type\":\"ReadAction\",\"target\":[\"https:\\\/\\\/proyectosotonorte.com\\\/mas-de-450-deportistas-de-la-provincia-participaron-en-el-mundialito-soto-norte-2023\\\/\"]}]},{\"@type\":\"ImageObject\",\"inLanguage\":\"en-US\",\"@id\":\"https:\\\/\\\/proyectosotonorte.com\\\/mas-de-450-deportistas-de-la-provincia-participaron-en-el-mundialito-soto-norte-2023\\\/#primaryimage\",\"url\":\"https:\\\/\\\/proyectosotonorte.com\\\/wp-content\\\/uploads\\\/2023\\\/09\\\/imagen-destacada-boletin-scaled.webp\",\"contentUrl\":\"https:\\\/\\\/proyectosotonorte.com\\\/wp-content\\\/uploads\\\/2023\\\/09\\\/imagen-destacada-boletin-scaled.webp\",\"width\":2560,\"height\":1736,\"caption\":\"mundialito Soto Norte\"},{\"@type\":\"BreadcrumbList\",\"@id\":\"https:\\\/\\\/proyectosotonorte.com\\\/mas-de-450-deportistas-de-la-provincia-participaron-en-el-mundialito-soto-norte-2023\\\/#breadcrumb\",\"itemListElement\":[{\"@type\":\"ListItem\",\"position\":1,\"name\":\"Portada\",\"item\":\"https:\\\/\\\/proyectosotonorte.com\\\/\"},{\"@type\":\"ListItem\",\"position\":2,\"name\":\"M\u00e1s de 450 deportistas de la provincia participaron en el Mundialito Soto Norte 2023\"}]},{\"@type\":\"WebSite\",\"@id\":\"https:\\\/\\\/proyectosotonorte.com\\\/#website\",\"url\":\"https:\\\/\\\/proyectosotonorte.com\\\/\",\"name\":\"Proyecto Soto Norte\",\"description\":\"El Proyecto Soto Norte es una apuesta hist\u00f3rica en Santander para hacer miner\u00eda para la vida, concebida a partir de la sostenibilidad social que tiene a la conservaci\u00f3n del agua como principio rector, garantiza el desarrollo anticipado de la regi\u00f3n y preserva e impulsa el orgullo del territorio.\",\"publisher\":{\"@id\":\"https:\\\/\\\/proyectosotonorte.com\\\/#organization\"},\"potentialAction\":[{\"@type\":\"SearchAction\",\"target\":{\"@type\":\"EntryPoint\",\"urlTemplate\":\"https:\\\/\\\/proyectosotonorte.com\\\/?s={search_term_string}\"},\"query-input\":{\"@type\":\"PropertyValueSpecification\",\"valueRequired\":true,\"valueName\":\"search_term_string\"}}],\"inLanguage\":\"en-US\"},{\"@type\":\"Organization\",\"@id\":\"https:\\\/\\\/proyectosotonorte.com\\\/#organization\",\"name\":\"Proyecto Soto Norte\",\"alternateName\":\"El Proyecto Soto Norte es una apuesta hist\u00f3rica en Santander para hacer miner\u00eda para la vida, concebida a partir de la sostenibilidad social que tiene a la conservaci\u00f3n del agua como principio rector, garantiza el desarrollo anticipado de la regi\u00f3n y preserva e impulsa el orgullo del territorio.\",\"url\":\"https:\\\/\\\/proyectosotonorte.com\\\/\",\"logo\":{\"@type\":\"ImageObject\",\"inLanguage\":\"en-US\",\"@id\":\"https:\\\/\\\/proyectosotonorte.com\\\/#\\\/schema\\\/logo\\\/image\\\/\",\"url\":\"https:\\\/\\\/proyectosotonorte.com\\\/wp-content\\\/uploads\\\/cropped-logo-pequeno-PSN.webp\",\"contentUrl\":\"https:\\\/\\\/proyectosotonorte.com\\\/wp-content\\\/uploads\\\/cropped-logo-pequeno-PSN.webp\",\"width\":512,\"height\":512,\"caption\":\"Proyecto Soto Norte\"},\"image\":{\"@id\":\"https:\\\/\\\/proyectosotonorte.com\\\/#\\\/schema\\\/logo\\\/image\\\/\"},\"sameAs\":[\"https:\\\/\\\/www.facebook.com\\\/ProSotoNorte\\\/\",\"https:\\\/\\\/x.com\\\/ProSotoNorte\",\"https:\\\/\\\/www.instagram.com\\\/prosotonorte\\\/\"]},{\"@type\":\"Person\",\"@id\":\"https:\\\/\\\/proyectosotonorte.com\\\/#\\\/schema\\\/person\\\/38abb15c0ee0567281fc9379e0727561\",\"name\":\"SotoNorteAdmin\",\"image\":{\"@type\":\"ImageObject\",\"inLanguage\":\"en-US\",\"@id\":\"https:\\\/\\\/secure.gravatar.com\\\/avatar\\\/b4c9a289323b21a01c3e940f150eb9b8c542587f1abfd8f0e1cc1ffc5e475514?s=96&d=mm&r=g\",\"url\":\"https:\\\/\\\/secure.gravatar.com\\\/avatar\\\/b4c9a289323b21a01c3e940f150eb9b8c542587f1abfd8f0e1cc1ffc5e475514?s=96&d=mm&r=g\",\"contentUrl\":\"https:\\\/\\\/secure.gravatar.com\\\/avatar\\\/b4c9a289323b21a01c3e940f150eb9b8c542587f1abfd8f0e1cc1ffc5e475514?s=96&d=mm&r=g\",\"caption\":\"SotoNorteAdmin\"},\"sameAs\":[\"https:\\\/\\\/proyectosotonorte.com\\\/\"],\"url\":\"https:\\\/\\\/proyectosotonorte.com\\\/en\\\/author\\\/user\\\/\"}]}<\/script>\n<!-- \/ Yoast SEO plugin. -->","yoast_head_json":{"title":"M\u00e1s de 450 deportistas de la provincia participaron en el Mundialito Soto Norte 2023 | Proyecto Soto Norte","robots":{"index":"index","follow":"follow","max-snippet":"max-snippet:-1","max-image-preview":"max-image-preview:large","max-video-preview":"max-video-preview:-1"},"canonical":"https:\/\/proyectosotonorte.com\/en\/mas-de-450-deportistas-de-la-provincia-participaron-en-el-mundialito-soto-norte-2023\/","og_locale":"en_US","og_type":"article","og_title":"M\u00e1s de 450 deportistas de la provincia participaron en el Mundialito Soto Norte 2023 | Proyecto Soto Norte","og_description":"Con la participaci\u00f3n de 42 equipos, el Proyecto Soto Norte llev\u00f3 a cabo el Mundialito Soto Norte 2023; un torneo de microf\u00fatbol que uni\u00f3 a las familias de la regi\u00f3n en torno al deporte. Con este evento se logr\u00f3 dinamizar la econom\u00eda local generando compras, servicios y contrataci\u00f3n de mano de obra. La realizaci\u00f3n del [&hellip;]","og_url":"https:\/\/proyectosotonorte.com\/en\/mas-de-450-deportistas-de-la-provincia-participaron-en-el-mundialito-soto-norte-2023\/","og_site_name":"Proyecto Soto Norte","article_publisher":"https:\/\/www.facebook.com\/ProSotoNorte\/","article_published_time":"2023-09-12T15:15:48+00:00","article_modified_time":"2025-12-18T16:09:59+00:00","og_image":[{"width":2560,"height":1736,"url":"https:\/\/proyectosotonorte.com\/wp-content\/uploads\/2023\/09\/imagen-destacada-boletin-scaled.webp","type":"image\/webp"}],"author":"SotoNorteAdmin","twitter_card":"summary_large_image","twitter_creator":"@ProSotoNorte","twitter_site":"@ProSotoNorte","twitter_misc":{"Written by":"SotoNorteAdmin","Est. reading time":"5 minutes"},"schema":{"@context":"https:\/\/schema.org","@graph":[{"@type":"Article","@id":"https:\/\/proyectosotonorte.com\/mas-de-450-deportistas-de-la-provincia-participaron-en-el-mundialito-soto-norte-2023\/#article","isPartOf":{"@id":"https:\/\/proyectosotonorte.com\/mas-de-450-deportistas-de-la-provincia-participaron-en-el-mundialito-soto-norte-2023\/"},"author":{"name":"SotoNorteAdmin","@id":"https:\/\/proyectosotonorte.com\/#\/schema\/person\/38abb15c0ee0567281fc9379e0727561"},"headline":"M\u00e1s de 450 deportistas de la provincia participaron en el Mundialito Soto Norte 2023","datePublished":"2023-09-12T15:15:48+00:00","dateModified":"2025-12-18T16:09:59+00:00","mainEntityOfPage":{"@id":"https:\/\/proyectosotonorte.com\/mas-de-450-deportistas-de-la-provincia-participaron-en-el-mundialito-soto-norte-2023\/"},"wordCount":1462,"publisher":{"@id":"https:\/\/proyectosotonorte.com\/#organization"},"image":{"@id":"https:\/\/proyectosotonorte.com\/mas-de-450-deportistas-de-la-provincia-participaron-en-el-mundialito-soto-norte-2023\/#primaryimage"},"thumbnailUrl":"https:\/\/proyectosotonorte.com\/wp-content\/uploads\/2023\/09\/imagen-destacada-boletin-scaled.webp","articleSection":["Noticias"],"inLanguage":"en-US"},{"@type":"WebPage","@id":"https:\/\/proyectosotonorte.com\/mas-de-450-deportistas-de-la-provincia-participaron-en-el-mundialito-soto-norte-2023\/","url":"https:\/\/proyectosotonorte.com\/mas-de-450-deportistas-de-la-provincia-participaron-en-el-mundialito-soto-norte-2023\/","name":"M\u00e1s de 450 deportistas de la provincia participaron en el Mundialito Soto Norte 2023 | Proyecto Soto Norte","isPartOf":{"@id":"https:\/\/proyectosotonorte.com\/#website"},"primaryImageOfPage":{"@id":"https:\/\/proyectosotonorte.com\/mas-de-450-deportistas-de-la-provincia-participaron-en-el-mundialito-soto-norte-2023\/#primaryimage"},"image":{"@id":"https:\/\/proyectosotonorte.com\/mas-de-450-deportistas-de-la-provincia-participaron-en-el-mundialito-soto-norte-2023\/#primaryimage"},"thumbnailUrl":"https:\/\/proyectosotonorte.com\/wp-content\/uploads\/2023\/09\/imagen-destacada-boletin-scaled.webp","datePublished":"2023-09-12T15:15:48+00:00","dateModified":"2025-12-18T16:09:59+00:00","breadcrumb":{"@id":"https:\/\/proyectosotonorte.com\/mas-de-450-deportistas-de-la-provincia-participaron-en-el-mundialito-soto-norte-2023\/#breadcrumb"},"inLanguage":"en-US","potentialAction":[{"@type":"ReadAction","target":["https:\/\/proyectosotonorte.com\/mas-de-450-deportistas-de-la-provincia-participaron-en-el-mundialito-soto-norte-2023\/"]}]},{"@type":"ImageObject","inLanguage":"en-US","@id":"https:\/\/proyectosotonorte.com\/mas-de-450-deportistas-de-la-provincia-participaron-en-el-mundialito-soto-norte-2023\/#primaryimage","url":"https:\/\/proyectosotonorte.com\/wp-content\/uploads\/2023\/09\/imagen-destacada-boletin-scaled.webp","contentUrl":"https:\/\/proyectosotonorte.com\/wp-content\/uploads\/2023\/09\/imagen-destacada-boletin-scaled.webp","width":2560,"height":1736,"caption":"mundialito Soto Norte"},{"@type":"BreadcrumbList","@id":"https:\/\/proyectosotonorte.com\/mas-de-450-deportistas-de-la-provincia-participaron-en-el-mundialito-soto-norte-2023\/#breadcrumb","itemListElement":[{"@type":"ListItem","position":1,"name":"Portada","item":"https:\/\/proyectosotonorte.com\/"},{"@type":"ListItem","position":2,"name":"M\u00e1s de 450 deportistas de la provincia participaron en el Mundialito Soto Norte 2023"}]},{"@type":"WebSite","@id":"https:\/\/proyectosotonorte.com\/#website","url":"https:\/\/proyectosotonorte.com\/","name":"Proyecto Soto Norte","description":"The Soto Norte Project (PSN for its acronym in Spanish) is a historic commitment in Santander to make mining for life, conceived from the social sustainability that has water conservation as a guiding principle, guarantees the anticipated development of the region and preserves and promotes the pride of the territory.","publisher":{"@id":"https:\/\/proyectosotonorte.com\/#organization"},"potentialAction":[{"@type":"SearchAction","target":{"@type":"EntryPoint","urlTemplate":"https:\/\/proyectosotonorte.com\/?s={search_term_string}"},"query-input":{"@type":"PropertyValueSpecification","valueRequired":true,"valueName":"search_term_string"}}],"inLanguage":"en-US"},{"@type":"Organization","@id":"https:\/\/proyectosotonorte.com\/#organization","name":"Proyecto Soto Norte","alternateName":"El Proyecto Soto Norte es una apuesta hist\u00f3rica en Santander para hacer miner\u00eda para la vida, concebida a partir de la sostenibilidad social que tiene a la conservaci\u00f3n del agua como principio rector, garantiza el desarrollo anticipado de la regi\u00f3n y preserva e impulsa el orgullo del territorio.","url":"https:\/\/proyectosotonorte.com\/","logo":{"@type":"ImageObject","inLanguage":"en-US","@id":"https:\/\/proyectosotonorte.com\/#\/schema\/logo\/image\/","url":"https:\/\/proyectosotonorte.com\/wp-content\/uploads\/cropped-logo-pequeno-PSN.webp","contentUrl":"https:\/\/proyectosotonorte.com\/wp-content\/uploads\/cropped-logo-pequeno-PSN.webp","width":512,"height":512,"caption":"Proyecto Soto Norte"},"image":{"@id":"https:\/\/proyectosotonorte.com\/#\/schema\/logo\/image\/"},"sameAs":["https:\/\/www.facebook.com\/ProSotoNorte\/","https:\/\/x.com\/ProSotoNorte","https:\/\/www.instagram.com\/prosotonorte\/"]},{"@type":"Person","@id":"https:\/\/proyectosotonorte.com\/#\/schema\/person\/38abb15c0ee0567281fc9379e0727561","name":"SotoNorteAdmin","image":{"@type":"ImageObject","inLanguage":"en-US","@id":"https:\/\/secure.gravatar.com\/avatar\/b4c9a289323b21a01c3e940f150eb9b8c542587f1abfd8f0e1cc1ffc5e475514?s=96&d=mm&r=g","url":"https:\/\/secure.gravatar.com\/avatar\/b4c9a289323b21a01c3e940f150eb9b8c542587f1abfd8f0e1cc1ffc5e475514?s=96&d=mm&r=g","contentUrl":"https:\/\/secure.gravatar.com\/avatar\/b4c9a289323b21a01c3e940f150eb9b8c542587f1abfd8f0e1cc1ffc5e475514?s=96&d=mm&r=g","caption":"SotoNorteAdmin"},"sameAs":["https:\/\/proyectosotonorte.com\/"],"url":"https:\/\/proyectosotonorte.com\/en\/author\/user\/"}]}},"_links":{"self":[{"href":"https:\/\/proyectosotonorte.com\/en\/wp-json\/wp\/v2\/posts\/987512871","targetHints":{"allow":["GET"]}}],"collection":[{"href":"https:\/\/proyectosotonorte.com\/en\/wp-json\/wp\/v2\/posts"}],"about":[{"href":"https:\/\/proyectosotonorte.com\/en\/wp-json\/wp\/v2\/types\/post"}],"author":[{"embeddable":true,"href":"https:\/\/proyectosotonorte.com\/en\/wp-json\/wp\/v2\/users\/1"}],"replies":[{"embeddable":true,"href":"https:\/\/proyectosotonorte.com\/en\/wp-json\/wp\/v2\/comments?post=987512871"}],"version-history":[{"count":5,"href":"https:\/\/proyectosotonorte.com\/en\/wp-json\/wp\/v2\/posts\/987512871\/revisions"}],"predecessor-version":[{"id":987516546,"href":"https:\/\/proyectosotonorte.com\/en\/wp-json\/wp\/v2\/posts\/987512871\/revisions\/987516546"}],"wp:featuredmedia":[{"embeddable":true,"href":"https:\/\/proyectosotonorte.com\/en\/wp-json\/wp\/v2\/media\/987512888"}],"wp:attachment":[{"href":"https:\/\/proyectosotonorte.com\/en\/wp-json\/wp\/v2\/media?parent=987512871"}],"wp:term":[{"taxonomy":"category","embeddable":true,"href":"https:\/\/proyectosotonorte.com\/en\/wp-json\/wp\/v2\/categories?post=987512871"},{"taxonomy":"post_tag","embeddable":true,"href":"https:\/\/proyectosotonorte.com\/en\/wp-json\/wp\/v2\/tags?post=987512871"}],"curies":[{"name":"wp","href":"https:\/\/api.w.org\/{rel}","templated":true}]}}